{"id":67304,"date":"2025-09-05T11:14:21","date_gmt":"2025-09-05T10:14:21","guid":{"rendered":"https:\/\/www.easly.nl\/easly-ceo-jeroen-de-jong-prend-la-parole-lors-du-bid-2024\/"},"modified":"2025-09-05T11:14:30","modified_gmt":"2025-09-05T10:14:30","slug":"easly-ceo-jeroen-de-jong-prend-la-parole-lors-du-bid-2024","status":"publish","type":"post","link":"https:\/\/www.easly.nl\/fr\/blog\/jeroen-de-jong-prend-la-parole-lors-du-bid-2024\/","title":{"rendered":"Jeroen de Jong, PDG d&#8217;Easly, prendra la parole lors du BID 2024"},"content":{"rendered":"\t\t<div data-elementor-type=\"wp-post\" data-elementor-id=\"67304\" class=\"elementor elementor-67304 elementor-35329\" data-elementor-post-type=\"post\">\n\t\t\t\t\t\t<section class=\"elementor-section elementor-top-section elementor-element elementor-element-4c3e54a elementor-section-full_width elementor-section-height-default elementor-section-height-default\" data-id=\"4c3e54a\" data-element_type=\"section\">\n\t\t\t\t\t\t<div class=\"elementor-container elementor-column-gap-no\">\n\t\t\t\t\t<div class=\"elementor-column elementor-col-100 elementor-top-column elementor-element elementor-element-bc0cd33\" data-id=\"bc0cd33\" data-element_type=\"column\">\n\t\t\t<div class=\"elementor-widget-wrap elementor-element-populated\">\n\t\t\t\t\t\t<div class=\"elementor-element elementor-element-03fc6de elementor-widget elementor-widget-text-editor\" data-id=\"03fc6de\" data-element_type=\"widget\" data-widget_type=\"text-editor.default\">\n\t\t\t\t<div class=\"elementor-widget-container\">\n\t\t\t\t\t\t\t\t\t<p><b>Le 16 janvier aura lieu le Big Improvement Day 2024, un \u00e9v\u00e9nement au cours duquel des leaders d&#8217;opinion, des entrepreneurs et des d\u00e9cideurs politiques \u00e9changeront des id\u00e9es inspirantes. Jeroen de Jong, PDG d&#8217;Easly, sera l&#8217;un des intervenants. Avec Pantea Kiani, de notre partenaire Pangenix, il parlera du nouveau test pharmacog\u00e9n\u00e9tique r\u00e9volutionnaire qui sera lanc\u00e9 par Easly d\u00e9but 2024.<\/b><\/p>\n\t\t\t\t\t\t\t\t<\/div>\n\t\t\t\t<\/div>\n\t\t\t\t\t<\/div>\n\t\t<\/div>\n\t\t\t\t\t<\/div>\n\t\t<\/section>\n\t\t\t\t<section class=\"elementor-section elementor-top-section elementor-element elementor-element-6024c0e elementor-section-full_width elementor-section-height-default elementor-section-height-default\" data-id=\"6024c0e\" data-element_type=\"section\">\n\t\t\t\t\t\t<div class=\"elementor-container elementor-column-gap-no\">\n\t\t\t\t\t<div class=\"elementor-column elementor-col-100 elementor-top-column elementor-element elementor-element-ae945fb\" data-id=\"ae945fb\" data-element_type=\"column\">\n\t\t\t<div class=\"elementor-widget-wrap elementor-element-populated\">\n\t\t\t\t\t\t<div class=\"elementor-element elementor-element-d7b57a3 elementor-widget elementor-widget-text-editor\" data-id=\"d7b57a3\" data-element_type=\"widget\" data-widget_type=\"text-editor.default\">\n\t\t\t\t<div class=\"elementor-widget-container\">\n\t\t\t\t\t\t\t\t\t<p>L&#8217;organisation du Big Improvement Day qualifie cet \u00e9v\u00e9nement de pendant positif du Prinsjesdag. En effet, pendant une journ\u00e9e enti\u00e8re, l&#8217;accent est mis sur ce qui fonctionne bien et sur les possibilit\u00e9s d&#8217;am\u00e9lioration. Cet \u00e9v\u00e9nement rassemble les secteurs public et priv\u00e9 afin de construire un avenir meilleur. De plus, le BID offre aux participants une occasion pr\u00e9cieuse de nouer des contacts.<\/p>\n\t\t\t\t\t\t\t\t<\/div>\n\t\t\t\t<\/div>\n\t\t\t\t\t<\/div>\n\t\t<\/div>\n\t\t\t\t\t<\/div>\n\t\t<\/section>\n\t\t\t\t<section class=\"elementor-section elementor-top-section elementor-element elementor-element-3d78695 elementor-section-full_width elementor-section-height-default elementor-section-height-default\" data-id=\"3d78695\" data-element_type=\"section\">\n\t\t\t\t\t\t<div class=\"elementor-container elementor-column-gap-no\">\n\t\t\t\t\t<div class=\"elementor-column elementor-col-100 elementor-top-column elementor-element elementor-element-41d91d4\" data-id=\"41d91d4\" data-element_type=\"column\">\n\t\t\t<div class=\"elementor-widget-wrap elementor-element-populated\">\n\t\t\t\t\t\t<div class=\"elementor-element elementor-element-f325dd1 elementor-widget elementor-widget-heading\" data-id=\"f325dd1\" data-element_type=\"widget\" data-widget_type=\"heading.default\">\n\t\t\t\t<div class=\"elementor-widget-container\">\n\t\t\t\t\t<h2 class=\"elementor-heading-title elementor-size-default\">Nouveau test pharmacog\u00e9n\u00e9tique<\/h2>\t\t\t\t<\/div>\n\t\t\t\t<\/div>\n\t\t\t\t\t<\/div>\n\t\t<\/div>\n\t\t\t\t\t<\/div>\n\t\t<\/section>\n\t\t\t\t<section class=\"elementor-section elementor-top-section elementor-element elementor-element-a59c5da elementor-section-full_width elementor-section-height-default elementor-section-height-default\" data-id=\"a59c5da\" data-element_type=\"section\">\n\t\t\t\t\t\t<div class=\"elementor-container elementor-column-gap-no\">\n\t\t\t\t\t<div class=\"elementor-column elementor-col-100 elementor-top-column elementor-element elementor-element-619270f\" data-id=\"619270f\" data-element_type=\"column\">\n\t\t\t<div class=\"elementor-widget-wrap elementor-element-populated\">\n\t\t\t\t\t\t<div class=\"elementor-element elementor-element-598d913 elementor-widget elementor-widget-text-editor\" data-id=\"598d913\" data-element_type=\"widget\" data-widget_type=\"text-editor.default\">\n\t\t\t\t<div class=\"elementor-widget-container\">\n\t\t\t\t\t\t\t\t\t<p>Le th\u00e8me du Big Improvement Day 2024 est OBJECTIF : Durabilit\u00e9, Entrepreneuriat, \u00c9ducation et Leadership. Un groupe vari\u00e9 d&#8217;intervenants partagera sa vision sur ces quatre domaines. Cette fois-ci, Antje Monteiro (fondatrice de Fit at Home), le prince Constantijn van Oranje-Nassau (envoy\u00e9 sp\u00e9cial Techleap.nl) et Aaike van Vlucht (PDG de VSParticle) prendront notamment la parole. Bien s\u00fbr, Ralph van Hessen, fondateur du BID, s&#8217;adressera \u00e9galement au public.<\/p>\n\t\t\t\t\t\t\t\t<\/div>\n\t\t\t\t<\/div>\n\t\t\t\t<div class=\"elementor-element elementor-element-92482bf elementor-widget elementor-widget-text-editor\" data-id=\"92482bf\" data-element_type=\"widget\" data-widget_type=\"text-editor.default\">\n\t\t\t\t<div class=\"elementor-widget-container\">\n\t\t\t\t\t\t\t\t\t<p>Le PDG d&#8217;Easly, Jeroen de Jong, monte \u00e9galement sur sc\u00e8ne, accompagn\u00e9 de la PDG de Pangenix, Pantea Kiani. De quoi va-t-il parler ?<\/p>\n\t\t\t\t\t\t\t\t<\/div>\n\t\t\t\t<\/div>\n\t\t\t\t<div class=\"elementor-element elementor-element-1be7c84 elementor-widget elementor-widget-text-editor\" data-id=\"1be7c84\" data-element_type=\"widget\" data-widget_type=\"text-editor.default\">\n\t\t\t\t<div class=\"elementor-widget-container\">\n\t\t\t\t\t\t\t\t\t<p>\u00ab Le BID met l&#8217;accent sur les nouvelles id\u00e9es, c&#8217;est pourquoi ma pr\u00e9sentation sera \u00e9galement ax\u00e9e sur l&#8217;innovation \u00bb, explique De Jong. \u00ab Je vais parler de la pharmacog\u00e9n\u00e9tique, une m\u00e9thode de test ADN qui permet d&#8217;analyser les g\u00e8nes qui d\u00e9terminent la fa\u00e7on dont les gens r\u00e9agissent aux m\u00e9dicaments. Gr\u00e2ce \u00e0 ces informations, il est possible de d\u00e9terminer le dosage ad\u00e9quat en collaboration avec un m\u00e9decin. Comme cela permet d&#8217;\u00e9viter les surdosages, cette m\u00e9thode est \u00e9conomique. Non seulement au niveau individuel, mais aussi \u00e0 l&#8217;\u00e9chelle macro\u00e9conomique, o\u00f9 elle pourrait permettre d&#8217;\u00e9conomiser des millions dans le secteur des soins de sant\u00e9. Nous lancerons ce nouveau produit d\u00e9but 2024, apr\u00e8s la phase pilote que nous menons en collaboration avec Pangenix. \u00bb<\/p>\n<p><b>&#8211; Jeroen de Jong, PDG d&#8217;Easly<\/b><\/p>\n\t\t\t\t\t\t\t\t<\/div>\n\t\t\t\t<\/div>\n\t\t\t\t\t<\/div>\n\t\t<\/div>\n\t\t\t\t\t<\/div>\n\t\t<\/section>\n\t\t\t\t<section class=\"elementor-section elementor-top-section elementor-element elementor-element-f3ca93e elementor-section-full_width elementor-section-height-default elementor-section-height-default\" data-id=\"f3ca93e\" data-element_type=\"section\">\n\t\t\t\t\t\t<div class=\"elementor-container elementor-column-gap-no\">\n\t\t\t\t\t<div class=\"elementor-column elementor-col-100 elementor-top-column elementor-element elementor-element-5083a79\" data-id=\"5083a79\" data-element_type=\"column\">\n\t\t\t<div class=\"elementor-widget-wrap elementor-element-populated\">\n\t\t\t\t\t\t<div class=\"elementor-element elementor-element-ab01581 elementor-widget elementor-widget-heading\" data-id=\"ab01581\" data-element_type=\"widget\" data-widget_type=\"heading.default\">\n\t\t\t\t<div class=\"elementor-widget-container\">\n\t\t\t\t\t<h2 class=\"elementor-heading-title elementor-size-default\">De belles id\u00e9es et perspectives<\/h2>\t\t\t\t<\/div>\n\t\t\t\t<\/div>\n\t\t\t\t\t<\/div>\n\t\t<\/div>\n\t\t\t\t\t<\/div>\n\t\t<\/section>\n\t\t\t\t<section class=\"elementor-section elementor-top-section elementor-element elementor-element-88a03e0 elementor-section-full_width elementor-section-height-default elementor-section-height-default\" data-id=\"88a03e0\" data-element_type=\"section\">\n\t\t\t\t\t\t<div class=\"elementor-container elementor-column-gap-no\">\n\t\t\t\t\t<div class=\"elementor-column elementor-col-100 elementor-top-column elementor-element elementor-element-59c6eb7\" data-id=\"59c6eb7\" data-element_type=\"column\">\n\t\t\t<div class=\"elementor-widget-wrap elementor-element-populated\">\n\t\t\t\t\t\t<div class=\"elementor-element elementor-element-03b89fa elementor-widget elementor-widget-text-editor\" data-id=\"03b89fa\" data-element_type=\"widget\" data-widget_type=\"text-editor.default\">\n\t\t\t\t<div class=\"elementor-widget-container\">\n\t\t\t\t\t\t\t\t\t<p>Big Improvement Day offre \u00e9galement l&#8217;occasion de pr\u00e9senter les kits de test haut de gamme d&#8217;Easly, explique M. De Jong. \u00ab Mais en fin de compte, Big Improvement Day est avant tout une journ\u00e9e plac\u00e9e sous le signe de l&#8217;inspiration. J&#8217;esp\u00e8re \u00e0 nouveau entendre de belles id\u00e9es et perspectives et nouer de nouveaux contacts int\u00e9ressants. \u00bb<\/p>\n\t\t\t\t\t\t\t\t<\/div>\n\t\t\t\t<\/div>\n\t\t\t\t\t<\/div>\n\t\t<\/div>\n\t\t\t\t\t<\/div>\n\t\t<\/section>\n\t\t\t\t<section class=\"elementor-section elementor-top-section elementor-element elementor-element-aa202c4 elementor-section-full_width elementor-section-height-default elementor-section-height-default\" data-id=\"aa202c4\" data-element_type=\"section\">\n\t\t\t\t\t\t<div class=\"elementor-container elementor-column-gap-default\">\n\t\t\t\t\t<div class=\"elementor-column elementor-col-50 elementor-top-column elementor-element elementor-element-282f550\" data-id=\"282f550\" data-element_type=\"column\">\n\t\t\t<div class=\"elementor-widget-wrap elementor-element-populated\">\n\t\t\t\t\t\t<div class=\"elementor-element elementor-element-e1693f4 elementor-widget elementor-widget-image\" data-id=\"e1693f4\" data-element_type=\"widget\" data-widget_type=\"image.default\">\n\t\t\t\t<div class=\"elementor-widget-container\">\n\t\t\t\t\t\t\t\t\t\t\t\t\t\t\t<img fetchpriority=\"high\" decoding=\"async\" width=\"305\" height=\"342\" src=\"https:\/\/www.easly.nl\/wp-content\/uploads\/sites\/13\/2023\/12\/BID-logo.jpg\" class=\"attachment-full size-full wp-image-35332\" alt=\"BID logo\" srcset=\"https:\/\/www.easly.nl\/wp-content\/uploads\/sites\/13\/2023\/12\/BID-logo.jpg 305w, https:\/\/www.easly.nl\/wp-content\/uploads\/sites\/13\/2023\/12\/BID-logo-268x300.jpg 268w\" sizes=\"(max-width: 305px) 100vw, 305px\" \/>\t\t\t\t\t\t\t\t\t\t\t\t\t\t\t<\/div>\n\t\t\t\t<\/div>\n\t\t\t\t\t<\/div>\n\t\t<\/div>\n\t\t\t\t<div class=\"elementor-column elementor-col-50 elementor-top-column elementor-element elementor-element-bcb14ee\" data-id=\"bcb14ee\" data-element_type=\"column\">\n\t\t\t<div class=\"elementor-widget-wrap elementor-element-populated\">\n\t\t\t\t\t\t<div class=\"elementor-element elementor-element-113d769 elementor-widget elementor-widget-image\" data-id=\"113d769\" data-element_type=\"widget\" data-widget_type=\"image.default\">\n\t\t\t\t<div class=\"elementor-widget-container\">\n\t\t\t\t\t\t\t\t\t\t\t\t\t\t\t<img decoding=\"async\" width=\"305\" height=\"342\" src=\"https:\/\/www.easly.nl\/wp-content\/uploads\/sites\/13\/2023\/12\/Confrence-BID-stage.jpg\" class=\"attachment-full size-full wp-image-35335\" alt=\"Conference BID stage\" srcset=\"https:\/\/www.easly.nl\/wp-content\/uploads\/sites\/13\/2023\/12\/Confrence-BID-stage.jpg 305w, https:\/\/www.easly.nl\/wp-content\/uploads\/sites\/13\/2023\/12\/Confrence-BID-stage-268x300.jpg 268w\" sizes=\"(max-width: 305px) 100vw, 305px\" \/>\t\t\t\t\t\t\t\t\t\t\t\t\t\t\t<\/div>\n\t\t\t\t<\/div>\n\t\t\t\t\t<\/div>\n\t\t<\/div>\n\t\t\t\t\t<\/div>\n\t\t<\/section>\n\t\t\t\t<section class=\"elementor-section elementor-top-section elementor-element elementor-element-c4e8264 elementor-section-full_width elementor-section-height-default elementor-section-height-default\" data-id=\"c4e8264\" data-element_type=\"section\">\n\t\t\t\t\t\t<div class=\"elementor-container elementor-column-gap-no\">\n\t\t\t\t\t<div class=\"elementor-column elementor-col-100 elementor-top-column elementor-element elementor-element-be63b91\" data-id=\"be63b91\" data-element_type=\"column\">\n\t\t\t<div class=\"elementor-widget-wrap elementor-element-populated\">\n\t\t\t\t\t\t<div class=\"elementor-element elementor-element-3ee34c8 elementor-widget elementor-widget-text-editor\" data-id=\"3ee34c8\" data-element_type=\"widget\" data-widget_type=\"text-editor.default\">\n\t\t\t\t<div class=\"elementor-widget-container\">\n\t\t\t\t\t\t\t\t\t<p>Le Big Improvement Day 2024 aura lieu le 16 janvier \u00e0 l&#8217;AFAS Theater de Scheveningen. La veille, le 15 janvier, le d\u00eener du Conseil consultatif du BID 2024 sera organis\u00e9 au m\u00eame endroit. Pour plus d&#8217;informations sur l&#8217;\u00e9v\u00e9nement et la participation, rendez-vous sur : <a href=\"http:\/\/www.bigimprovementday.org\/\" target=\"_blank\" rel=\"noopener\">www.bigimprovementday.org<\/a>.<\/p>\n\t\t\t\t\t\t\t\t<\/div>\n\t\t\t\t<\/div>\n\t\t\t\t\t<\/div>\n\t\t<\/div>\n\t\t\t\t\t<\/div>\n\t\t<\/section>\n\t\t\t\t<\/div>\n\t\t","protected":false},"excerpt":{"rendered":"<p>Jeroen de Jong d\u00e9voile un test pharmacog\u00e9n\u00e9tique r\u00e9volutionnaire lors du Big Improvement Day 2024. D\u00e9couvrez comment cette innovation transforme les soins de sant\u00e9 et permet de r\u00e9aliser des \u00e9conomies.<\/p>\n","protected":false},"author":6,"featured_media":35338,"comment_status":"closed","ping_status":"closed","sticky":false,"template":"","format":"standard","meta":{"_acf_changed":false,"footnotes":""},"categories":[950],"tags":[],"class_list":["post-67304","post","type-post","status-publish","format-standard","has-post-thumbnail","hentry","category-easly-news-fr"],"acf":[],"yoast_head":"<!-- This site is optimized with the Yoast SEO plugin v24.3 - https:\/\/yoast.com\/wordpress\/plugins\/seo\/ -->\n<title>Jeroen de Jong, PDG d&#039;Easly, prendra la parole lors du BID 2024<\/title>\n<meta name=\"description\" content=\"Jeroen de Jong d\u00e9voile un test pharmacog\u00e9n\u00e9tique r\u00e9volutionnaire lors du Big Improvement Day 2024. D\u00e9couvrez comment cette innovation transforme les soins de sant\u00e9 et permet de r\u00e9aliser des \u00e9conomies.\" \/>\n<meta name=\"robots\" content=\"index, follow, max-snippet:-1, max-image-preview:large, max-video-preview:-1\" \/>\n<link rel=\"canonical\" href=\"https:\/\/www.easly.nl\/fr\/blog\/jeroen-de-jong-prend-la-parole-lors-du-bid-2024\/\" \/>\n<meta property=\"og:locale\" content=\"fr_FR\" \/>\n<meta property=\"og:type\" content=\"article\" \/>\n<meta property=\"og:title\" content=\"Jeroen de Jong, PDG d&#039;Easly, prendra la parole lors du BID 2024\" \/>\n<meta property=\"og:description\" content=\"Jeroen de Jong d\u00e9voile un test pharmacog\u00e9n\u00e9tique r\u00e9volutionnaire lors du Big Improvement Day 2024. D\u00e9couvrez comment cette innovation transforme les soins de sant\u00e9 et permet de r\u00e9aliser des \u00e9conomies.\" \/>\n<meta property=\"og:url\" content=\"https:\/\/www.easly.nl\/fr\/blog\/jeroen-de-jong-prend-la-parole-lors-du-bid-2024\/\" \/>\n<meta property=\"og:site_name\" content=\"Easly Shop\" \/>\n<meta property=\"article:published_time\" content=\"2025-09-05T10:14:21+00:00\" \/>\n<meta property=\"article:modified_time\" content=\"2025-09-05T10:14:30+00:00\" \/>\n<meta property=\"og:image\" content=\"https:\/\/www.easly.nl\/wp-content\/uploads\/sites\/13\/2023\/12\/Cover-Blog-BID-.jpg\" \/>\n\t<meta property=\"og:image:width\" content=\"1070\" \/>\n\t<meta property=\"og:image:height\" content=\"400\" \/>\n\t<meta property=\"og:image:type\" content=\"image\/jpeg\" \/>\n<meta name=\"author\" content=\"michael\" \/>\n<meta name=\"twitter:card\" content=\"summary_large_image\" \/>\n<meta name=\"twitter:label1\" content=\"\u00c9crit par\" \/>\n\t<meta name=\"twitter:data1\" content=\"michael\" \/>\n\t<meta name=\"twitter:label2\" content=\"Dur\u00e9e de lecture estim\u00e9e\" \/>\n\t<meta name=\"twitter:data2\" content=\"2 minutes\" \/>\n<script type=\"application\/ld+json\" class=\"yoast-schema-graph\">{\"@context\":\"https:\/\/schema.org\",\"@graph\":[{\"@type\":\"Article\",\"@id\":\"https:\/\/www.easly.nl\/fr\/blog\/jeroen-de-jong-prend-la-parole-lors-du-bid-2024\/#article\",\"isPartOf\":{\"@id\":\"https:\/\/www.easly.nl\/fr\/blog\/jeroen-de-jong-prend-la-parole-lors-du-bid-2024\/\"},\"author\":{\"name\":\"michael\",\"@id\":\"https:\/\/www.easly.nl\/fr\/#\/schema\/person\/2a00f9cf028373af499ffbf29cd865ed\"},\"headline\":\"Jeroen de Jong, PDG d&#8217;Easly, prendra la parole lors du BID 2024\",\"datePublished\":\"2025-09-05T10:14:21+00:00\",\"dateModified\":\"2025-09-05T10:14:30+00:00\",\"mainEntityOfPage\":{\"@id\":\"https:\/\/www.easly.nl\/fr\/blog\/jeroen-de-jong-prend-la-parole-lors-du-bid-2024\/\"},\"wordCount\":507,\"publisher\":{\"@id\":\"https:\/\/www.easly.nl\/fr\/#organization\"},\"image\":{\"@id\":\"https:\/\/www.easly.nl\/fr\/blog\/jeroen-de-jong-prend-la-parole-lors-du-bid-2024\/#primaryimage\"},\"thumbnailUrl\":\"https:\/\/www.easly.nl\/wp-content\/uploads\/sites\/13\/2023\/12\/Cover-Blog-BID-.jpg\",\"articleSection\":[\"Easly news\"],\"inLanguage\":\"fr-FR\"},{\"@type\":\"WebPage\",\"@id\":\"https:\/\/www.easly.nl\/fr\/blog\/jeroen-de-jong-prend-la-parole-lors-du-bid-2024\/\",\"url\":\"https:\/\/www.easly.nl\/fr\/blog\/jeroen-de-jong-prend-la-parole-lors-du-bid-2024\/\",\"name\":\"Jeroen de Jong, PDG d'Easly, prendra la parole lors du BID 2024\",\"isPartOf\":{\"@id\":\"https:\/\/www.easly.nl\/fr\/#website\"},\"primaryImageOfPage\":{\"@id\":\"https:\/\/www.easly.nl\/fr\/blog\/jeroen-de-jong-prend-la-parole-lors-du-bid-2024\/#primaryimage\"},\"image\":{\"@id\":\"https:\/\/www.easly.nl\/fr\/blog\/jeroen-de-jong-prend-la-parole-lors-du-bid-2024\/#primaryimage\"},\"thumbnailUrl\":\"https:\/\/www.easly.nl\/wp-content\/uploads\/sites\/13\/2023\/12\/Cover-Blog-BID-.jpg\",\"datePublished\":\"2025-09-05T10:14:21+00:00\",\"dateModified\":\"2025-09-05T10:14:30+00:00\",\"description\":\"Jeroen de Jong d\u00e9voile un test pharmacog\u00e9n\u00e9tique r\u00e9volutionnaire lors du Big Improvement Day 2024. D\u00e9couvrez comment cette innovation transforme les soins de sant\u00e9 et permet de r\u00e9aliser des \u00e9conomies.\",\"breadcrumb\":{\"@id\":\"https:\/\/www.easly.nl\/fr\/blog\/jeroen-de-jong-prend-la-parole-lors-du-bid-2024\/#breadcrumb\"},\"inLanguage\":\"fr-FR\",\"potentialAction\":[{\"@type\":\"ReadAction\",\"target\":[\"https:\/\/www.easly.nl\/fr\/blog\/jeroen-de-jong-prend-la-parole-lors-du-bid-2024\/\"]}]},{\"@type\":\"ImageObject\",\"inLanguage\":\"fr-FR\",\"@id\":\"https:\/\/www.easly.nl\/fr\/blog\/jeroen-de-jong-prend-la-parole-lors-du-bid-2024\/#primaryimage\",\"url\":\"https:\/\/www.easly.nl\/wp-content\/uploads\/sites\/13\/2023\/12\/Cover-Blog-BID-.jpg\",\"contentUrl\":\"https:\/\/www.easly.nl\/wp-content\/uploads\/sites\/13\/2023\/12\/Cover-Blog-BID-.jpg\",\"width\":1070,\"height\":400,\"caption\":\"Cover Blog BID\"},{\"@type\":\"BreadcrumbList\",\"@id\":\"https:\/\/www.easly.nl\/fr\/blog\/jeroen-de-jong-prend-la-parole-lors-du-bid-2024\/#breadcrumb\",\"itemListElement\":[{\"@type\":\"ListItem\",\"position\":1,\"name\":\"D'accueil\",\"item\":\"https:\/\/www.easly.nl\/fr\/\"},{\"@type\":\"ListItem\",\"position\":2,\"name\":\"Jeroen de Jong, PDG d&#8217;Easly, prendra la parole lors du BID 2024\"}]},{\"@type\":\"WebSite\",\"@id\":\"https:\/\/www.easly.nl\/fr\/#website\",\"url\":\"https:\/\/www.easly.nl\/fr\/\",\"name\":\"Easly Shop\",\"description\":\"Safe &amp; simple online COVID testing\",\"publisher\":{\"@id\":\"https:\/\/www.easly.nl\/fr\/#organization\"},\"potentialAction\":[{\"@type\":\"SearchAction\",\"target\":{\"@type\":\"EntryPoint\",\"urlTemplate\":\"https:\/\/www.easly.nl\/fr\/?s={search_term_string}\"},\"query-input\":{\"@type\":\"PropertyValueSpecification\",\"valueRequired\":true,\"valueName\":\"search_term_string\"}}],\"inLanguage\":\"fr-FR\"},{\"@type\":\"Organization\",\"@id\":\"https:\/\/www.easly.nl\/fr\/#organization\",\"name\":\"Easly.nl\",\"url\":\"https:\/\/www.easly.nl\/fr\/\",\"logo\":{\"@type\":\"ImageObject\",\"inLanguage\":\"fr-FR\",\"@id\":\"https:\/\/www.easly.nl\/fr\/#\/schema\/logo\/image\/\",\"url\":\"https:\/\/www.easly.nl\/wp-content\/uploads\/sites\/13\/2022\/10\/easly_logoslogan_color.png\",\"contentUrl\":\"https:\/\/www.easly.nl\/wp-content\/uploads\/sites\/13\/2022\/10\/easly_logoslogan_color.png\",\"width\":157,\"height\":38,\"caption\":\"Easly.nl\"},\"image\":{\"@id\":\"https:\/\/www.easly.nl\/fr\/#\/schema\/logo\/image\/\"}},{\"@type\":\"Person\",\"@id\":\"https:\/\/www.easly.nl\/fr\/#\/schema\/person\/2a00f9cf028373af499ffbf29cd865ed\",\"name\":\"michael\",\"image\":{\"@type\":\"ImageObject\",\"inLanguage\":\"fr-FR\",\"@id\":\"https:\/\/www.easly.nl\/fr\/#\/schema\/person\/image\/\",\"url\":\"https:\/\/secure.gravatar.com\/avatar\/ea24310732f9b1c24d547005fc759f3575551d72d70e605392b5652f71f94580?s=96&d=mm&r=g\",\"contentUrl\":\"https:\/\/secure.gravatar.com\/avatar\/ea24310732f9b1c24d547005fc759f3575551d72d70e605392b5652f71f94580?s=96&d=mm&r=g\",\"caption\":\"michael\"}}]}<\/script>\n<!-- \/ Yoast SEO plugin. -->","yoast_head_json":{"title":"Jeroen de Jong, PDG d'Easly, prendra la parole lors du BID 2024","description":"Jeroen de Jong d\u00e9voile un test pharmacog\u00e9n\u00e9tique r\u00e9volutionnaire lors du Big Improvement Day 2024. D\u00e9couvrez comment cette innovation transforme les soins de sant\u00e9 et permet de r\u00e9aliser des \u00e9conomies.","robots":{"index":"index","follow":"follow","max-snippet":"max-snippet:-1","max-image-preview":"max-image-preview:large","max-video-preview":"max-video-preview:-1"},"canonical":"https:\/\/www.easly.nl\/fr\/blog\/jeroen-de-jong-prend-la-parole-lors-du-bid-2024\/","og_locale":"fr_FR","og_type":"article","og_title":"Jeroen de Jong, PDG d'Easly, prendra la parole lors du BID 2024","og_description":"Jeroen de Jong d\u00e9voile un test pharmacog\u00e9n\u00e9tique r\u00e9volutionnaire lors du Big Improvement Day 2024. D\u00e9couvrez comment cette innovation transforme les soins de sant\u00e9 et permet de r\u00e9aliser des \u00e9conomies.","og_url":"https:\/\/www.easly.nl\/fr\/blog\/jeroen-de-jong-prend-la-parole-lors-du-bid-2024\/","og_site_name":"Easly Shop","article_published_time":"2025-09-05T10:14:21+00:00","article_modified_time":"2025-09-05T10:14:30+00:00","og_image":[{"width":1070,"height":400,"url":"https:\/\/www.easly.nl\/wp-content\/uploads\/sites\/13\/2023\/12\/Cover-Blog-BID-.jpg","type":"image\/jpeg"}],"author":"michael","twitter_card":"summary_large_image","twitter_misc":{"\u00c9crit par":"michael","Dur\u00e9e de lecture estim\u00e9e":"2 minutes"},"schema":{"@context":"https:\/\/schema.org","@graph":[{"@type":"Article","@id":"https:\/\/www.easly.nl\/fr\/blog\/jeroen-de-jong-prend-la-parole-lors-du-bid-2024\/#article","isPartOf":{"@id":"https:\/\/www.easly.nl\/fr\/blog\/jeroen-de-jong-prend-la-parole-lors-du-bid-2024\/"},"author":{"name":"michael","@id":"https:\/\/www.easly.nl\/fr\/#\/schema\/person\/2a00f9cf028373af499ffbf29cd865ed"},"headline":"Jeroen de Jong, PDG d&#8217;Easly, prendra la parole lors du BID 2024","datePublished":"2025-09-05T10:14:21+00:00","dateModified":"2025-09-05T10:14:30+00:00","mainEntityOfPage":{"@id":"https:\/\/www.easly.nl\/fr\/blog\/jeroen-de-jong-prend-la-parole-lors-du-bid-2024\/"},"wordCount":507,"publisher":{"@id":"https:\/\/www.easly.nl\/fr\/#organization"},"image":{"@id":"https:\/\/www.easly.nl\/fr\/blog\/jeroen-de-jong-prend-la-parole-lors-du-bid-2024\/#primaryimage"},"thumbnailUrl":"https:\/\/www.easly.nl\/wp-content\/uploads\/sites\/13\/2023\/12\/Cover-Blog-BID-.jpg","articleSection":["Easly news"],"inLanguage":"fr-FR"},{"@type":"WebPage","@id":"https:\/\/www.easly.nl\/fr\/blog\/jeroen-de-jong-prend-la-parole-lors-du-bid-2024\/","url":"https:\/\/www.easly.nl\/fr\/blog\/jeroen-de-jong-prend-la-parole-lors-du-bid-2024\/","name":"Jeroen de Jong, PDG d'Easly, prendra la parole lors du BID 2024","isPartOf":{"@id":"https:\/\/www.easly.nl\/fr\/#website"},"primaryImageOfPage":{"@id":"https:\/\/www.easly.nl\/fr\/blog\/jeroen-de-jong-prend-la-parole-lors-du-bid-2024\/#primaryimage"},"image":{"@id":"https:\/\/www.easly.nl\/fr\/blog\/jeroen-de-jong-prend-la-parole-lors-du-bid-2024\/#primaryimage"},"thumbnailUrl":"https:\/\/www.easly.nl\/wp-content\/uploads\/sites\/13\/2023\/12\/Cover-Blog-BID-.jpg","datePublished":"2025-09-05T10:14:21+00:00","dateModified":"2025-09-05T10:14:30+00:00","description":"Jeroen de Jong d\u00e9voile un test pharmacog\u00e9n\u00e9tique r\u00e9volutionnaire lors du Big Improvement Day 2024. D\u00e9couvrez comment cette innovation transforme les soins de sant\u00e9 et permet de r\u00e9aliser des \u00e9conomies.","breadcrumb":{"@id":"https:\/\/www.easly.nl\/fr\/blog\/jeroen-de-jong-prend-la-parole-lors-du-bid-2024\/#breadcrumb"},"inLanguage":"fr-FR","potentialAction":[{"@type":"ReadAction","target":["https:\/\/www.easly.nl\/fr\/blog\/jeroen-de-jong-prend-la-parole-lors-du-bid-2024\/"]}]},{"@type":"ImageObject","inLanguage":"fr-FR","@id":"https:\/\/www.easly.nl\/fr\/blog\/jeroen-de-jong-prend-la-parole-lors-du-bid-2024\/#primaryimage","url":"https:\/\/www.easly.nl\/wp-content\/uploads\/sites\/13\/2023\/12\/Cover-Blog-BID-.jpg","contentUrl":"https:\/\/www.easly.nl\/wp-content\/uploads\/sites\/13\/2023\/12\/Cover-Blog-BID-.jpg","width":1070,"height":400,"caption":"Cover Blog BID"},{"@type":"BreadcrumbList","@id":"https:\/\/www.easly.nl\/fr\/blog\/jeroen-de-jong-prend-la-parole-lors-du-bid-2024\/#breadcrumb","itemListElement":[{"@type":"ListItem","position":1,"name":"D'accueil","item":"https:\/\/www.easly.nl\/fr\/"},{"@type":"ListItem","position":2,"name":"Jeroen de Jong, PDG d&#8217;Easly, prendra la parole lors du BID 2024"}]},{"@type":"WebSite","@id":"https:\/\/www.easly.nl\/fr\/#website","url":"https:\/\/www.easly.nl\/fr\/","name":"Easly Shop","description":"Safe &amp; simple online COVID testing","publisher":{"@id":"https:\/\/www.easly.nl\/fr\/#organization"},"potentialAction":[{"@type":"SearchAction","target":{"@type":"EntryPoint","urlTemplate":"https:\/\/www.easly.nl\/fr\/?s={search_term_string}"},"query-input":{"@type":"PropertyValueSpecification","valueRequired":true,"valueName":"search_term_string"}}],"inLanguage":"fr-FR"},{"@type":"Organization","@id":"https:\/\/www.easly.nl\/fr\/#organization","name":"Easly.nl","url":"https:\/\/www.easly.nl\/fr\/","logo":{"@type":"ImageObject","inLanguage":"fr-FR","@id":"https:\/\/www.easly.nl\/fr\/#\/schema\/logo\/image\/","url":"https:\/\/www.easly.nl\/wp-content\/uploads\/sites\/13\/2022\/10\/easly_logoslogan_color.png","contentUrl":"https:\/\/www.easly.nl\/wp-content\/uploads\/sites\/13\/2022\/10\/easly_logoslogan_color.png","width":157,"height":38,"caption":"Easly.nl"},"image":{"@id":"https:\/\/www.easly.nl\/fr\/#\/schema\/logo\/image\/"}},{"@type":"Person","@id":"https:\/\/www.easly.nl\/fr\/#\/schema\/person\/2a00f9cf028373af499ffbf29cd865ed","name":"michael","image":{"@type":"ImageObject","inLanguage":"fr-FR","@id":"https:\/\/www.easly.nl\/fr\/#\/schema\/person\/image\/","url":"https:\/\/secure.gravatar.com\/avatar\/ea24310732f9b1c24d547005fc759f3575551d72d70e605392b5652f71f94580?s=96&d=mm&r=g","contentUrl":"https:\/\/secure.gravatar.com\/avatar\/ea24310732f9b1c24d547005fc759f3575551d72d70e605392b5652f71f94580?s=96&d=mm&r=g","caption":"michael"}}]}},"_links":{"self":[{"href":"https:\/\/www.easly.nl\/fr\/wp-json\/wp\/v2\/posts\/67304","targetHints":{"allow":["GET"]}}],"collection":[{"href":"https:\/\/www.easly.nl\/fr\/wp-json\/wp\/v2\/posts"}],"about":[{"href":"https:\/\/www.easly.nl\/fr\/wp-json\/wp\/v2\/types\/post"}],"author":[{"embeddable":true,"href":"https:\/\/www.easly.nl\/fr\/wp-json\/wp\/v2\/users\/6"}],"replies":[{"embeddable":true,"href":"https:\/\/www.easly.nl\/fr\/wp-json\/wp\/v2\/comments?post=67304"}],"version-history":[{"count":1,"href":"https:\/\/www.easly.nl\/fr\/wp-json\/wp\/v2\/posts\/67304\/revisions"}],"predecessor-version":[{"id":67305,"href":"https:\/\/www.easly.nl\/fr\/wp-json\/wp\/v2\/posts\/67304\/revisions\/67305"}],"wp:featuredmedia":[{"embeddable":true,"href":"https:\/\/www.easly.nl\/fr\/wp-json\/wp\/v2\/media\/35338"}],"wp:attachment":[{"href":"https:\/\/www.easly.nl\/fr\/wp-json\/wp\/v2\/media?parent=67304"}],"wp:term":[{"taxonomy":"category","embeddable":true,"href":"https:\/\/www.easly.nl\/fr\/wp-json\/wp\/v2\/categories?post=67304"},{"taxonomy":"post_tag","embeddable":true,"href":"https:\/\/www.easly.nl\/fr\/wp-json\/wp\/v2\/tags?post=67304"}],"curies":[{"name":"wp","href":"https:\/\/api.w.org\/{rel}","templated":true}]}}